{"id":3791,"date":"2026-03-04T08:39:04","date_gmt":"2026-03-04T07:39:04","guid":{"rendered":"http:\/\/gemeinschaftsschule-graefenroda.de\/?p=3791"},"modified":"2026-03-04T08:39:04","modified_gmt":"2026-03-04T07:39:04","slug":"informationen-zur-schulanmeldung-anmeldewoche","status":"publish","type":"post","link":"http:\/\/gemeinschaftsschule-graefenroda.de\/index.php\/2026\/03\/04\/informationen-zur-schulanmeldung-anmeldewoche\/","title":{"rendered":"Informationen zur Schulanmeldung &#8211; Anmeldewoche"},"content":{"rendered":"\n<p>Sehr geehrte Eltern,<\/p>\n\n\n\n<p>die Anmeldung Ihres Kindes an unserer Schule findet zu folgenden Terminen statt:<\/p>\n\n\n\n<p>Dienstag, den 17.03.2026 von 14:00 Uhr \u2013 18:00 Uhr<br>Donnerstag, den 19.03.2026 von 14:00 Uhr \u2013 16:00 Uhr<\/p>\n\n\n\n<p>Weitere Informationen finden Sie unter dem Link\u00a0<a href=\"http:\/\/gemeinschaftsschule-graefenroda.de\/index.php\/anmeldung-fuer-neue-schueler\/\">Anmeldung Schule \u2013 TGS Gr\u00e4fenroda<\/a><\/p>\n\n\n\n<p>Sollten beide Anmeldetermine in der Schule f\u00fcr Sie nicht m\u00f6glich sein, k\u00f6nnen Sie bis<br>sp\u00e4testens 20.03.2026 die Anmeldung Ihres Kindes pers\u00f6nlich vornehmen. Vereinbaren Sie<br>hierf\u00fcr vorab einen Termin.<\/p>\n","protected":false},"excerpt":{"rendered":"<p>Sehr geehrte Eltern, die Anmeldung Ihres Kindes an unserer Schule findet zu folgenden Terminen statt: Dienstag, den 17.03.2026 von 14:00 &hellip; <\/p>\n","protected":false},"author":3,"featured_media":0,"comment_status":"open","ping_status":"open","sticky":false,"template":"","format":"standard","meta":[],"categories":[1],"tags":[],"_links":{"self":[{"href":"http:\/\/gemeinschaftsschule-graefenroda.de\/index.php\/wp-json\/wp\/v2\/posts\/3791"}],"collection":[{"href":"http:\/\/gemeinschaftsschule-graefenroda.de\/index.php\/wp-json\/wp\/v2\/posts"}],"about":[{"href":"http:\/\/gemeinschaftsschule-graefenroda.de\/index.php\/wp-json\/wp\/v2\/types\/post"}],"author":[{"embeddable":true,"href":"http:\/\/gemeinschaftsschule-graefenroda.de\/index.php\/wp-json\/wp\/v2\/users\/3"}],"replies":[{"embeddable":true,"href":"http:\/\/gemeinschaftsschule-graefenroda.de\/index.php\/wp-json\/wp\/v2\/comments?post=3791"}],"version-history":[{"count":1,"href":"http:\/\/gemeinschaftsschule-graefenroda.de\/index.php\/wp-json\/wp\/v2\/posts\/3791\/revisions"}],"predecessor-version":[{"id":3792,"href":"http:\/\/gemeinschaftsschule-graefenroda.de\/index.php\/wp-json\/wp\/v2\/posts\/3791\/revisions\/3792"}],"wp:attachment":[{"href":"http:\/\/gemeinschaftsschule-graefenroda.de\/index.php\/wp-json\/wp\/v2\/media?parent=3791"}],"wp:term":[{"taxonomy":"category","embeddable":true,"href":"http:\/\/gemeinschaftsschule-graefenroda.de\/index.php\/wp-json\/wp\/v2\/categories?post=3791"},{"taxonomy":"post_tag","embeddable":true,"href":"http:\/\/gemeinschaftsschule-graefenroda.de\/index.php\/wp-json\/wp\/v2\/tags?post=3791"}],"curies":[{"name":"wp","href":"https:\/\/api.w.org\/{rel}","templated":true}]}}