{"id":2492,"date":"2024-02-08T08:23:22","date_gmt":"2024-02-08T07:23:22","guid":{"rendered":"http:\/\/gemeinschaftsschule-graefenroda.de\/?p=2492"},"modified":"2024-02-08T08:24:46","modified_gmt":"2024-02-08T07:24:46","slug":"it-sicherheitsvorfall-unfallkasse-thueringen","status":"publish","type":"post","link":"http:\/\/gemeinschaftsschule-graefenroda.de\/index.php\/2024\/02\/08\/it-sicherheitsvorfall-unfallkasse-thueringen\/","title":{"rendered":"IT-Sicherheitsvorfall\u00a0Unfallkasse Th\u00fcringen"},"content":{"rendered":"\n<p>Sehr geehrte Eltern,<\/p>\n\n\n\n<p>die Unfallkasse Th\u00fcringen (UKT), als unser Tr\u00e4ger der gesetzliche Unfallkasse im Freistaat Th\u00fcringen, hat uns \u00fcber einen IT-Sicherheitsvorfall informiert. Dabei wurden pers\u00f6nliche Daten der Versicherten gestohlen. Auf Grund des Ausma\u00dfes der gestohlenen Daten, ist der Kreis der betroffenen Versicherten durch die UKT nicht sicher eingrenzbar und eine gezielte Individualbenachrichtigung der einzelnen Personen nicht m\u00f6glich. Die UKT hat deshalb um die Benachrichtigung durch die Schule gebeten und folgenden Link \u00fcbermittelt: <\/p>\n\n\n\n<p><\/p>\n\n\n\n<p><a href=\"https:\/\/shorturl.at\/gvyC6\">https:\/\/shorturl.at\/gvyC6<\/a><\/p>\n","protected":false},"excerpt":{"rendered":"<p>Sehr geehrte Eltern, die Unfallkasse Th\u00fcringen (UKT), als unser Tr\u00e4ger der gesetzliche Unfallkasse im Freistaat Th\u00fcringen, hat uns \u00fcber einen &hellip; <\/p>\n","protected":false},"author":3,"featured_media":0,"comment_status":"open","ping_status":"open","sticky":false,"template":"","format":"standard","meta":[],"categories":[1],"tags":[],"_links":{"self":[{"href":"http:\/\/gemeinschaftsschule-graefenroda.de\/index.php\/wp-json\/wp\/v2\/posts\/2492"}],"collection":[{"href":"http:\/\/gemeinschaftsschule-graefenroda.de\/index.php\/wp-json\/wp\/v2\/posts"}],"about":[{"href":"http:\/\/gemeinschaftsschule-graefenroda.de\/index.php\/wp-json\/wp\/v2\/types\/post"}],"author":[{"embeddable":true,"href":"http:\/\/gemeinschaftsschule-graefenroda.de\/index.php\/wp-json\/wp\/v2\/users\/3"}],"replies":[{"embeddable":true,"href":"http:\/\/gemeinschaftsschule-graefenroda.de\/index.php\/wp-json\/wp\/v2\/comments?post=2492"}],"version-history":[{"count":2,"href":"http:\/\/gemeinschaftsschule-graefenroda.de\/index.php\/wp-json\/wp\/v2\/posts\/2492\/revisions"}],"predecessor-version":[{"id":2494,"href":"http:\/\/gemeinschaftsschule-graefenroda.de\/index.php\/wp-json\/wp\/v2\/posts\/2492\/revisions\/2494"}],"wp:attachment":[{"href":"http:\/\/gemeinschaftsschule-graefenroda.de\/index.php\/wp-json\/wp\/v2\/media?parent=2492"}],"wp:term":[{"taxonomy":"category","embeddable":true,"href":"http:\/\/gemeinschaftsschule-graefenroda.de\/index.php\/wp-json\/wp\/v2\/categories?post=2492"},{"taxonomy":"post_tag","embeddable":true,"href":"http:\/\/gemeinschaftsschule-graefenroda.de\/index.php\/wp-json\/wp\/v2\/tags?post=2492"}],"curies":[{"name":"wp","href":"https:\/\/api.w.org\/{rel}","templated":true}]}}